{"id":708,"date":"2022-05-19T13:53:50","date_gmt":"2022-05-19T11:53:50","guid":{"rendered":"https:\/\/fablabdudon.bzh\/?p=708"},"modified":"2025-02-12T15:49:53","modified_gmt":"2025-02-12T14:49:53","slug":"a-la-rencontre-des-services-civiques","status":"publish","type":"post","link":"https:\/\/fablabdudon.bzh\/index.php\/2022\/05\/19\/a-la-rencontre-des-services-civiques\/","title":{"rendered":"\u00c0 la rencontre des services civiques"},"content":{"rendered":"\n<figure class=\"wp-block-image size-medium\"><img decoding=\"async\" loading=\"lazy\" width=\"300\" height=\"225\" src=\"https:\/\/fablabdudon.bzh\/wp-content\/uploads\/2022\/01\/IMG_20220112_164605-300x225.jpg\" alt=\"\" class=\"wp-image-710\" srcset=\"https:\/\/fablabdudon.bzh\/wp-content\/uploads\/2022\/01\/IMG_20220112_164605-300x225.jpg 300w, https:\/\/fablabdudon.bzh\/wp-content\/uploads\/2022\/01\/IMG_20220112_164605-1024x768.jpg 1024w, https:\/\/fablabdudon.bzh\/wp-content\/uploads\/2022\/01\/IMG_20220112_164605-768x576.jpg 768w, https:\/\/fablabdudon.bzh\/wp-content\/uploads\/2022\/01\/IMG_20220112_164605-1536x1152.jpg 1536w, https:\/\/fablabdudon.bzh\/wp-content\/uploads\/2022\/01\/IMG_20220112_164605-2048x1536.jpg 2048w\" sizes=\"(max-width: 300px) 100vw, 300px\" \/><figcaption><strong>Mathis et Francky <\/strong><\/figcaption><\/figure>\n\n\n\n<p>Le FabLab du Don a choisi d&rsquo;accueillir dans son \u00e9quipe durant 6 mois trois jeunes services-civiques, gr\u00e2ce \u00e0 l&rsquo;association <strong><a href=\"https:\/\/osonsicietmaintenant.org\/\" target=\"_blank\" rel=\"noreferrer noopener\" title=\"Osons Ici et Maintenant !\">Osons Ici et Maintenant !<\/a><\/strong> Les trois jeunes viennent des alentours (Loire-Atlantique nord).<\/p>\n\n\n\n<p><strong><a href=\"https:\/\/osonsicietmaintenant.org\/\" target=\"_blank\" rel=\"noreferrer noopener\" title=\"Osons Ici et Maintenant !\">Osons Ici et Maintenant !<\/a> <\/strong>est une association qui permet de \u00ab\u00a0<em>Cr\u00e9er et accompagner le d\u00e9clic pour que les jeunes de tous horizons osent d\u00e9ployer leur potentiel, s\u2019ins\u00e8rent durablement et construisent demain.<\/em>\u00a0\u00bb Ils proposent plusieurs modules d&rsquo;atelier allant de quelques jours \u00e0 plusieurs mois pour susciter chez les jeunes des \u00e9tincelles afin qu&rsquo;ils puissent trouver leur voie.<\/p>\n\n\n\n<figure class=\"wp-block-pullquote has-border-color\" style=\"border-color:#cf2e2e\"><blockquote><p><strong>FRANCKY<\/strong><\/p><cite><strong>Je m&rsquo;appelle Francky COURTIN  j&rsquo;ai 16 ans.<\/strong>  <\/cite><\/blockquote><\/figure>\n\n\n\n<figure class=\"wp-block-image size-large\"><img decoding=\"async\" loading=\"lazy\" width=\"1024\" height=\"768\" src=\"https:\/\/fablabdudon.bzh\/wp-content\/uploads\/2022\/01\/IMG_20220112_164531-1024x768.jpg\" alt=\"\" class=\"wp-image-711\" srcset=\"https:\/\/fablabdudon.bzh\/wp-content\/uploads\/2022\/01\/IMG_20220112_164531-1024x768.jpg 1024w, https:\/\/fablabdudon.bzh\/wp-content\/uploads\/2022\/01\/IMG_20220112_164531-300x225.jpg 300w, https:\/\/fablabdudon.bzh\/wp-content\/uploads\/2022\/01\/IMG_20220112_164531-768x576.jpg 768w, https:\/\/fablabdudon.bzh\/wp-content\/uploads\/2022\/01\/IMG_20220112_164531-1536x1152.jpg 1536w, https:\/\/fablabdudon.bzh\/wp-content\/uploads\/2022\/01\/IMG_20220112_164531-2048x1536.jpg 2048w\" sizes=\"(max-width: 1024px) 100vw, 1024px\" \/><\/figure>\n\n\n\n<p>Denis \u00e9tait venu faire une prestation lors d&rsquo;une formation courte avec des ateliers \u00e0 l&rsquo;association <strong>\u00ab\u00a0Osons Ici et Maintenant !\u00a0\u00bb<\/strong>, et j&rsquo;ai accroch\u00e9 avec lui. Il nous a pr\u00e9sent\u00e9 tout un panel de choses qu&rsquo;il pourrait nous apprendre au FabLab&#8230; Plut\u00f4t des choses manuelles.<\/p>\n\n\n\n<p>Pour le moment j&rsquo;ai d\u00e9j\u00e0 appris beaucoup de choses, m\u00eame dans la vie quotidienne et je suis content de venir ici au FabLab. Je ne sais pas encore ce que je voudrais faire plus tard, j&rsquo;attends de d\u00e9couvrir d&rsquo;autres techniques. Ce qui est s\u00fbr c&rsquo;est que j&rsquo;aimerais travailler dans le domaine du b\u00e2timent.<\/p>\n\n\n\n<figure class=\"wp-block-image size-large\"><img decoding=\"async\" loading=\"lazy\" width=\"1024\" height=\"768\" src=\"https:\/\/fablabdudon.bzh\/wp-content\/uploads\/2022\/01\/IMG_20220112_164503-1024x768.jpg\" alt=\"\" class=\"wp-image-712\" srcset=\"https:\/\/fablabdudon.bzh\/wp-content\/uploads\/2022\/01\/IMG_20220112_164503-1024x768.jpg 1024w, https:\/\/fablabdudon.bzh\/wp-content\/uploads\/2022\/01\/IMG_20220112_164503-300x225.jpg 300w, https:\/\/fablabdudon.bzh\/wp-content\/uploads\/2022\/01\/IMG_20220112_164503-768x576.jpg 768w, https:\/\/fablabdudon.bzh\/wp-content\/uploads\/2022\/01\/IMG_20220112_164503-1536x1152.jpg 1536w, https:\/\/fablabdudon.bzh\/wp-content\/uploads\/2022\/01\/IMG_20220112_164503-2048x1536.jpg 2048w\" sizes=\"(max-width: 1024px) 100vw, 1024px\" \/><\/figure>\n\n\n\n<figure class=\"wp-block-pullquote\"><blockquote><p><strong>MATHIS<\/strong><\/p><cite><strong>Je m&rsquo;appelle Mathis RENOU et j&rsquo;ai 19 ans.<\/strong><\/cite><\/blockquote><\/figure>\n\n\n\n<p>Je me suis engag\u00e9 car c&rsquo;est l&rsquo;approche de Denis qui m&rsquo;a motiv\u00e9. Sa pr\u00e9sentation de la mission \u00e0 venir r\u00e9aliser au FabLab.J&rsquo;ai accroch\u00e9 et j&rsquo;ai envie de toucher \u00e0 tout : d\u00e9couvrir, fabriquer, r\u00e9parer. Tout cela me plait, je n&rsquo;ai pas eu l&rsquo;occasion de trouver un lieu o\u00f9 pratiquer auparavant. <\/p>\n\n\n\n<p>J&rsquo;avais rencontr\u00e9 quelqu&rsquo;un qui a beaucoup chang\u00e9 d&rsquo;\u00e9tat d&rsquo;esprit en passant par l&rsquo;association \u00ab\u00a0<strong><a href=\"https:\/\/osonsicietmaintenant.org\/\" target=\"_blank\" rel=\"noreferrer noopener\" title=\"Osons Ici et Maintenant !\">Osons Ici et Maintenant !<\/a><\/strong>\u00a0\u00bb Il m&rsquo;a racont\u00e9 son exp\u00e9rience en service-civique et j&rsquo;ai eu envie de faire la m\u00eame chose. On a essay\u00e9 de trouver d&rsquo;autres structures mais j&rsquo;ai fini par choisir le FabLab du Don.<\/p>\n\n\n\n<p>Je sors d&rsquo;un Bac pro commerce et j&rsquo;ai envie de m&rsquo;orienter vers quelque chose de manuel. J&rsquo;ai beaucoup accroch\u00e9 sur la menuiserie et la ma\u00e7onnerie. Je ne sais pas encore quoi pr\u00e9cis\u00e9ment, mais je veux me laisser le temps de d\u00e9couvrir diff\u00e9rentes choses et de creuser certaines techniques.<\/p>\n\n\n\n<figure class=\"wp-block-pullquote\" id=\"olivier\"><blockquote><p><strong>OLIVIER<\/strong><\/p><cite><strong>Je m&rsquo;appelle Olivier ROBERT PERRAULT, j&rsquo;ai 16 ans.<\/strong><\/cite><\/blockquote><\/figure>\n\n\n\n<p>Tout comme Mathis j&rsquo;ai un ami qui a fait cette formation (le service civile), et j&rsquo;ai vraiment eu un tr\u00e8s bon retour de son exp\u00e9rience, je l&rsquo;ai trouv\u00e9 chang\u00e9 dans le bon sens ! J&rsquo; \u00e9tais descolaris\u00e9, un peu perdu et lorsque j&rsquo;ai eu l&rsquo;information j&rsquo;ai eu envie de participer. J&rsquo;ai particip\u00e9 aussi \u00e0 des ateliers avec <strong>\u00ab\u00a0Ozons ici et maintenant!\u00a0\u00bb<\/strong>.<\/p>\n\n\n\n<p>Je sais que nous allons faire un chantier de couverture avec Denis. J&rsquo;ai h\u00e2te d&rsquo;en savoir plus et cela m&rsquo;int\u00e9resse. J&rsquo;ai beaucoup appr\u00e9ci\u00e9 travailler sur l&rsquo;extension en bois.<\/p>\n\n\n\n<p>Je ne faisais pas grand chose de manuel, ici je peux toucher et apprendre plein de techniques avec diff\u00e9rents outils. L&rsquo; exp\u00e9rience collective est super, et j&rsquo;ai rencontr\u00e9 des amis. M\u00eame pour ma vie au quotidien j&rsquo;ai l&rsquo;impression d&rsquo;apprendre des choses qui me serviront. Je retourne chez moi tous les soirs, je ne suis pas h\u00e9berg\u00e9 ici.<\/p>\n\n\n\n<h2 class=\"wp-block-heading\" id=\"qu-avez-vous-realise-depuis-votre-arrivee-il-y-a-un-mois-et-demi\"><strong>Qu&rsquo;avez vous r\u00e9alis\u00e9 depuis votre arriv\u00e9e il y a un mois et demi ?<\/strong><\/h2>\n\n\n\n<p>Dans la chaufferie il y avait deux grands murs \u00e0 d\u00e9molir, on les a d\u00e9molis \u00e0 la masse. Pour le bas on a utilis\u00e9 un burin pour ne pas ab\u00eemer le sol. Cela a \u00e9t\u00e9 plus difficile de ramasser les gravats que de casser le mur. Plus tard, on mettra du carrelage au sol.<\/p>\n\n\n\n<p>On a r\u00e9am\u00e9nag\u00e9 le FabLab. Fait beaucoup de rangement. C&rsquo;est plus facile de travailler dans un endroit sain et organis\u00e9.<\/p>\n\n\n\n<p>Sur la r\u00e9novation du hangar en sanitaire on a mont\u00e9 la structure-ossature bois. On a d\u00fb r\u00e9am\u00e9nager l&rsquo;entr\u00e9e. Il nous reste \u00e0 mettre l&rsquo;isolation et le bardage. Puis toutes les finitions int\u00e9rieures.<\/p>\n\n\n\n<p><strong>Quels sont les prochains chantiers pr\u00e9vus ?<\/strong> \u00c0 la place du monte-charge dans l&rsquo;atelier nous allons r\u00e9aliser un escalier ! Donc on va faire encore de la menuiserie.<\/p>\n\n\n\n<figure class=\"wp-block-image size-large\"><img decoding=\"async\" loading=\"lazy\" width=\"1024\" height=\"768\" src=\"https:\/\/fablabdudon.bzh\/wp-content\/uploads\/2022\/01\/IMG_20220112_150822-1024x768.jpeg\" alt=\"\" class=\"wp-image-760\" srcset=\"https:\/\/fablabdudon.bzh\/wp-content\/uploads\/2022\/01\/IMG_20220112_150822-1024x768.jpeg 1024w, https:\/\/fablabdudon.bzh\/wp-content\/uploads\/2022\/01\/IMG_20220112_150822-300x225.jpeg 300w, https:\/\/fablabdudon.bzh\/wp-content\/uploads\/2022\/01\/IMG_20220112_150822-768x576.jpeg 768w, https:\/\/fablabdudon.bzh\/wp-content\/uploads\/2022\/01\/IMG_20220112_150822-1536x1152.jpeg 1536w, https:\/\/fablabdudon.bzh\/wp-content\/uploads\/2022\/01\/IMG_20220112_150822-2048x1536.jpeg 2048w\" sizes=\"(max-width: 1024px) 100vw, 1024px\" \/><\/figure>\n\n\n\n<h2 class=\"wp-block-heading\" id=\"quelles-sont-vos-activites-sur-une-journee-au-fablab-du-don\"><strong>Quelles sont vos activit\u00e9s sur une journ\u00e9e au FabLab du Don ?<\/strong><\/h2>\n\n\n\n<p><strong>On se l\u00e8ve, on prend notre petit d\u00e9jeuner ensemble.<\/strong><\/p>\n\n\n\n<p>Apr\u00e8s on met notre \u00e9quipement de protection, on fait du rangement dans les locaux et on encha\u00eene avec des t\u00e2ches vari\u00e9es en fonction des besoins. On travaille du bois, du m\u00e9tal, de la ma\u00e7onnerie ou autre chose en fonction des projets. Des fois on fait des points th\u00e9oriques sur des techniques.<\/p>\n\n\n\n<p>On rigole beaucoup aussi !<\/p>\n\n\n\n<p><strong>\u00c0 midi, on pr\u00e9pare le repas ensemble.<\/strong><\/p>\n\n\n\n<p>Vers 13h30 on retourne au travail, on met nos gants, et c&rsquo;est reparti ! <\/p>\n\n\n\n<p>Comme il fait nuit assez t\u00f4t en ce moment on fait plut\u00f4t des t\u00e2ches \u00e0 l&rsquo;int\u00e9rieur, du m\u00e9nage, des pr\u00e9paratifs pour les chantiers \u00e0 venir, de la d\u00e9coupe de mat\u00e9riaux par exemple. <\/p>\n\n\n\n<p>Le soir on est h\u00e9berg\u00e9 ici, on dort sur place.<\/p>\n\n\n\n<p><strong>Vous ne vous-vous connaissiez pas avant ?<\/strong> Si je connaissais Francky de vue ! Mais le fait de travailler ensemble nous a rapproch\u00e9. <\/p>\n\n\n\n<p><strong>Vous faites des menus en avance pour les repas ?<\/strong> Th\u00e9oriquement oui, le lundi soir on va faire des courses ensemble pour la semaine. On privil\u00e9gie le faire soi-m\u00eame ! Denis \u00e9vite les conserves et les plats tout fait.<\/p>\n\n\n\n<p>On est ici jusqu&rsquo;au mois d&rsquo;avril 2022.<\/p>\n\n\n\n<p><strong>Des anecdotes \u00e0 raconter ?<\/strong>  Ah Il y a en a plein !!! (Mathis)<\/p>\n\n\n\n<p>La fois o\u00f9 l&rsquo;on est all\u00e9 en pause pour aller fumer une cigarette&#8230; Denis est venu nous chercher, avec de gros yeux !!! Oulala, il n&rsquo;avait pas l&rsquo;air content&#8230; Apparement le lieu n&rsquo;\u00e9tait pas adapt\u00e9, vous auriez-vu sa t\u00eate ! Bref on apprend \u00e0 se conna\u00eetre.<\/p>\n\n\n\n<figure class=\"wp-block-image size-large\"><img decoding=\"async\" loading=\"lazy\" width=\"1024\" height=\"768\" src=\"https:\/\/fablabdudon.bzh\/wp-content\/uploads\/2022\/01\/IMG_20220112_164320-1024x768.jpg\" alt=\"\" class=\"wp-image-714\" srcset=\"https:\/\/fablabdudon.bzh\/wp-content\/uploads\/2022\/01\/IMG_20220112_164320-1024x768.jpg 1024w, https:\/\/fablabdudon.bzh\/wp-content\/uploads\/2022\/01\/IMG_20220112_164320-300x225.jpg 300w, https:\/\/fablabdudon.bzh\/wp-content\/uploads\/2022\/01\/IMG_20220112_164320-768x576.jpg 768w, https:\/\/fablabdudon.bzh\/wp-content\/uploads\/2022\/01\/IMG_20220112_164320-1536x1152.jpg 1536w, https:\/\/fablabdudon.bzh\/wp-content\/uploads\/2022\/01\/IMG_20220112_164320-2048x1536.jpg 2048w\" sizes=\"(max-width: 1024px) 100vw, 1024px\" \/><figcaption>R\u00e9novation en bois du hangar. Il reste l&rsquo;isolation et le bardage \u00e0 effectuer.<\/figcaption><\/figure>\n\n\n\n<figure class=\"wp-block-gallery has-nested-images columns-default is-cropped wp-block-gallery-1 is-layout-flex wp-block-gallery-is-layout-flex\">\n<figure class=\"wp-block-image size-large\"><img decoding=\"async\" loading=\"lazy\" width=\"1024\" height=\"768\" data-id=\"713\" src=\"https:\/\/fablabdudon.bzh\/wp-content\/uploads\/2022\/01\/IMG_20220112_164359-1024x768.jpg\" alt=\"\" class=\"wp-image-713\" srcset=\"https:\/\/fablabdudon.bzh\/wp-content\/uploads\/2022\/01\/IMG_20220112_164359-1024x768.jpg 1024w, https:\/\/fablabdudon.bzh\/wp-content\/uploads\/2022\/01\/IMG_20220112_164359-300x225.jpg 300w, https:\/\/fablabdudon.bzh\/wp-content\/uploads\/2022\/01\/IMG_20220112_164359-768x576.jpg 768w, https:\/\/fablabdudon.bzh\/wp-content\/uploads\/2022\/01\/IMG_20220112_164359-1536x1152.jpg 1536w, https:\/\/fablabdudon.bzh\/wp-content\/uploads\/2022\/01\/IMG_20220112_164359-2048x1536.jpg 2048w\" sizes=\"(max-width: 1024px) 100vw, 1024px\" \/><figcaption>R\u00e9novation de l&rsquo;entr\u00e9e<\/figcaption><\/figure>\n<\/figure>\n\n\n\n<figure class=\"wp-block-image size-large\"><img decoding=\"async\" loading=\"lazy\" width=\"1024\" height=\"768\" src=\"https:\/\/fablabdudon.bzh\/wp-content\/uploads\/2022\/01\/IMG_20220112_133648-1024x768.jpg\" alt=\"\" class=\"wp-image-724\" srcset=\"https:\/\/fablabdudon.bzh\/wp-content\/uploads\/2022\/01\/IMG_20220112_133648-1024x768.jpg 1024w, https:\/\/fablabdudon.bzh\/wp-content\/uploads\/2022\/01\/IMG_20220112_133648-300x225.jpg 300w, https:\/\/fablabdudon.bzh\/wp-content\/uploads\/2022\/01\/IMG_20220112_133648-768x576.jpg 768w, https:\/\/fablabdudon.bzh\/wp-content\/uploads\/2022\/01\/IMG_20220112_133648-1536x1152.jpg 1536w, https:\/\/fablabdudon.bzh\/wp-content\/uploads\/2022\/01\/IMG_20220112_133648-2048x1536.jpg 2048w\" sizes=\"(max-width: 1024px) 100vw, 1024px\" \/><figcaption>On apprend tout ! M\u00eame \u00e0 cuisiner ensemble !<\/figcaption><\/figure>\n\n\n\n<figure class=\"wp-block-gallery has-nested-images columns-default is-cropped wp-block-gallery-3 is-layout-flex wp-block-gallery-is-layout-flex\">\n<figure class=\"wp-block-image size-large\"><img decoding=\"async\" loading=\"lazy\" width=\"1024\" height=\"768\" data-id=\"725\" src=\"https:\/\/fablabdudon.bzh\/wp-content\/uploads\/2022\/01\/IMG_20220112_133711-1024x768.jpg\" alt=\"\" class=\"wp-image-725\" srcset=\"https:\/\/fablabdudon.bzh\/wp-content\/uploads\/2022\/01\/IMG_20220112_133711-1024x768.jpg 1024w, https:\/\/fablabdudon.bzh\/wp-content\/uploads\/2022\/01\/IMG_20220112_133711-300x225.jpg 300w, https:\/\/fablabdudon.bzh\/wp-content\/uploads\/2022\/01\/IMG_20220112_133711-768x576.jpg 768w, https:\/\/fablabdudon.bzh\/wp-content\/uploads\/2022\/01\/IMG_20220112_133711-1536x1152.jpg 1536w, https:\/\/fablabdudon.bzh\/wp-content\/uploads\/2022\/01\/IMG_20220112_133711-2048x1536.jpg 2048w\" sizes=\"(max-width: 1024px) 100vw, 1024px\" \/><\/figure>\n\n\n\n<figure class=\"wp-block-image size-large\"><img decoding=\"async\" loading=\"lazy\" width=\"1024\" height=\"768\" data-id=\"723\" src=\"https:\/\/fablabdudon.bzh\/wp-content\/uploads\/2022\/01\/IMG_20220112_133720-1024x768.jpg\" alt=\"\" class=\"wp-image-723\" srcset=\"https:\/\/fablabdudon.bzh\/wp-content\/uploads\/2022\/01\/IMG_20220112_133720-1024x768.jpg 1024w, https:\/\/fablabdudon.bzh\/wp-content\/uploads\/2022\/01\/IMG_20220112_133720-300x225.jpg 300w, https:\/\/fablabdudon.bzh\/wp-content\/uploads\/2022\/01\/IMG_20220112_133720-768x576.jpg 768w, https:\/\/fablabdudon.bzh\/wp-content\/uploads\/2022\/01\/IMG_20220112_133720-1536x1152.jpg 1536w, https:\/\/fablabdudon.bzh\/wp-content\/uploads\/2022\/01\/IMG_20220112_133720-2048x1536.jpg 2048w\" sizes=\"(max-width: 1024px) 100vw, 1024px\" \/><\/figure>\n\n\n\n<figure class=\"wp-block-image size-large\"><img decoding=\"async\" loading=\"lazy\" width=\"1024\" height=\"768\" data-id=\"721\" src=\"https:\/\/fablabdudon.bzh\/wp-content\/uploads\/2022\/01\/IMG_20220112_133746-1024x768.jpg\" alt=\"\" class=\"wp-image-721\" srcset=\"https:\/\/fablabdudon.bzh\/wp-content\/uploads\/2022\/01\/IMG_20220112_133746-1024x768.jpg 1024w, https:\/\/fablabdudon.bzh\/wp-content\/uploads\/2022\/01\/IMG_20220112_133746-300x225.jpg 300w, https:\/\/fablabdudon.bzh\/wp-content\/uploads\/2022\/01\/IMG_20220112_133746-768x576.jpg 768w, https:\/\/fablabdudon.bzh\/wp-content\/uploads\/2022\/01\/IMG_20220112_133746-1536x1152.jpg 1536w, https:\/\/fablabdudon.bzh\/wp-content\/uploads\/2022\/01\/IMG_20220112_133746-2048x1536.jpg 2048w\" sizes=\"(max-width: 1024px) 100vw, 1024px\" \/><\/figure>\n\n\n\n<figure class=\"wp-block-image size-large\"><img decoding=\"async\" loading=\"lazy\" width=\"1024\" height=\"768\" data-id=\"722\" src=\"https:\/\/fablabdudon.bzh\/wp-content\/uploads\/2022\/01\/IMG_20220112_133730-1024x768.jpg\" alt=\"\" class=\"wp-image-722\" srcset=\"https:\/\/fablabdudon.bzh\/wp-content\/uploads\/2022\/01\/IMG_20220112_133730-1024x768.jpg 1024w, https:\/\/fablabdudon.bzh\/wp-content\/uploads\/2022\/01\/IMG_20220112_133730-300x225.jpg 300w, https:\/\/fablabdudon.bzh\/wp-content\/uploads\/2022\/01\/IMG_20220112_133730-768x576.jpg 768w, https:\/\/fablabdudon.bzh\/wp-content\/uploads\/2022\/01\/IMG_20220112_133730-1536x1152.jpg 1536w, https:\/\/fablabdudon.bzh\/wp-content\/uploads\/2022\/01\/IMG_20220112_133730-2048x1536.jpg 2048w\" sizes=\"(max-width: 1024px) 100vw, 1024px\" \/><\/figure>\n<\/figure>\n\n\n\n<p><\/p>\n","protected":false},"excerpt":{"rendered":"<p>Le FabLab du Don a choisi d&rsquo;accueillir dans son \u00e9quipe durant 6 mois trois jeunes services-civiques, gr\u00e2ce \u00e0 l&rsquo;association Osons Ici et Maintenant ! Les trois jeunes viennent des alentours (Loire-Atlantique nord). Osons Ici et Maintenant ! est une association qui permet de \u00ab\u00a0Cr\u00e9er et accompagner le d\u00e9clic pour que les jeunes de tous horizons [&hellip;]<\/p>\n","protected":false},"author":3,"featured_media":710,"comment_status":"open","ping_status":"open","sticky":false,"template":"","format":"standard","meta":{"_monsterinsights_skip_tracking":false,"_monsterinsights_sitenote_active":false,"_monsterinsights_sitenote_note":"","_monsterinsights_sitenote_category":0,"site-sidebar-layout":"default","site-content-layout":"default","ast-site-content-layout":"default","site-content-style":"default","site-sidebar-style":"default","ast-global-header-display":"","ast-banner-title-visibility":"","ast-main-header-display":"","ast-hfb-above-header-display":"","ast-hfb-below-header-display":"","ast-hfb-mobile-header-display":"","site-post-title":"","ast-breadcrumbs-content":"","ast-featured-img":"","footer-sml-layout":"","ast-disable-related-posts":"","theme-transparent-header-meta":"default","adv-header-id-meta":"","stick-header-meta":"","header-above-stick-meta":"","header-main-stick-meta":"","header-below-stick-meta":"","astra-migrate-meta-layouts":"default","ast-page-background-enabled":"default","ast-page-background-meta":{"desktop":{"background-color":"","background-image":"","background-repeat":"repeat","background-position":"center center","background-size":"auto","background-attachment":"scroll","background-type":"","background-media":"","overlay-type":"","overlay-color":"","overlay-opacity":"","overlay-gradient":""},"tablet":{"background-color":"","background-image":"","background-repeat":"repeat","background-position":"center center","background-size":"auto","background-attachment":"scroll","background-type":"","background-media":"","overlay-type":"","overlay-color":"","overlay-opacity":"","overlay-gradient":""},"mobile":{"background-color":"","background-image":"","background-repeat":"repeat","background-position":"center center","background-size":"auto","background-attachment":"scroll","background-type":"","background-media":"","overlay-type":"","overlay-color":"","overlay-opacity":"","overlay-gradient":""}},"ast-content-background-meta":{"desktop":{"background-color":"var(--ast-global-color-5)","background-image":"","background-repeat":"repeat","background-position":"center center","background-size":"auto","background-attachment":"scroll","background-type":"","background-media":"","overlay-type":"","overlay-color":"","overlay-opacity":"","overlay-gradient":""},"tablet":{"background-color":"var(--ast-global-color-5)","background-image":"","background-repeat":"repeat","background-position":"center center","background-size":"auto","background-attachment":"scroll","background-type":"","background-media":"","overlay-type":"","overlay-color":"","overlay-opacity":"","overlay-gradient":""},"mobile":{"background-color":"var(--ast-global-color-5)","background-image":"","background-repeat":"repeat","background-position":"center center","background-size":"auto","background-attachment":"scroll","background-type":"","background-media":"","overlay-type":"","overlay-color":"","overlay-opacity":"","overlay-gradient":""}},"footnotes":""},"categories":[10],"tags":[33,34,31],"aioseo_notices":[],"_links":{"self":[{"href":"https:\/\/fablabdudon.bzh\/index.php\/wp-json\/wp\/v2\/posts\/708"}],"collection":[{"href":"https:\/\/fablabdudon.bzh\/index.php\/wp-json\/wp\/v2\/posts"}],"about":[{"href":"https:\/\/fablabdudon.bzh\/index.php\/wp-json\/wp\/v2\/types\/post"}],"author":[{"embeddable":true,"href":"https:\/\/fablabdudon.bzh\/index.php\/wp-json\/wp\/v2\/users\/3"}],"replies":[{"embeddable":true,"href":"https:\/\/fablabdudon.bzh\/index.php\/wp-json\/wp\/v2\/comments?post=708"}],"version-history":[{"count":22,"href":"https:\/\/fablabdudon.bzh\/index.php\/wp-json\/wp\/v2\/posts\/708\/revisions"}],"predecessor-version":[{"id":942,"href":"https:\/\/fablabdudon.bzh\/index.php\/wp-json\/wp\/v2\/posts\/708\/revisions\/942"}],"wp:featuredmedia":[{"embeddable":true,"href":"https:\/\/fablabdudon.bzh\/index.php\/wp-json\/wp\/v2\/media\/710"}],"wp:attachment":[{"href":"https:\/\/fablabdudon.bzh\/index.php\/wp-json\/wp\/v2\/media?parent=708"}],"wp:term":[{"taxonomy":"category","embeddable":true,"href":"https:\/\/fablabdudon.bzh\/index.php\/wp-json\/wp\/v2\/categories?post=708"},{"taxonomy":"post_tag","embeddable":true,"href":"https:\/\/fablabdudon.bzh\/index.php\/wp-json\/wp\/v2\/tags?post=708"}],"curies":[{"name":"wp","href":"https:\/\/api.w.org\/{rel}","templated":true}]}}